{"id":22,"date":"2017-05-20T09:41:41","date_gmt":"2017-05-20T09:41:41","guid":{"rendered":"http:\/\/www.lamilla.se\/?p=22"},"modified":"2017-05-18T09:42:42","modified_gmt":"2017-05-18T09:42:42","slug":"nu-vill-jag-ha-sommar","status":"publish","type":"post","link":"http:\/\/www.lamilla.se\/?p=22","title":{"rendered":"Nu vill jag ha sommar"},"content":{"rendered":"<p>Jag l\u00e4ngtar s\u00e5 sjukt mycket efter v\u00e4rme, sol och sandaler nu att det n\u00e4stan driver mig till vansinne. V\u00e5ren har typ uteblivit i \u00e5r k\u00e4nns det som och n\u00e4r vi nu redan \u00e4r framme i maj m\u00e5nad s\u00e5 kan v\u00e4l sommaren bara lika g\u00e4rna komma direkt, t\u00e4nker jag. Missf\u00f6rst\u00e5 mig inte, jag \u00e4lskar vintern och sn\u00f6, snowboard, bastu och after-ski \u00e4r min dr\u00f6msituation &#8211; bara inte \u00e5ret om!<\/p>\n<h2>Total avkoppling<\/h2>\n<p>I \u00e5r har jag spenderat mycket tid i sn\u00f6backarna, b\u00e5de i Hammarbybacken h\u00e4r i Stockholm (p\u00e5 grund av n\u00e4rheten) och p\u00e5 favoritdestinationen i <a href=\"https:\/\/www.freeride.se\/snodjup\/orsa-gronklitt\/\">Orsa Gr\u00f6nklitt<\/a>. Dalarna \u00e4r magiskt tycker jag, det \u00e4r n\u00e5got med det svenska inlandet som f\u00f6rtrollar &#8211; s\u00e4rskilt under stilla vinterdagar. Vi hyr in oss i en stuga och spenderar soltimmarna utomhus, de flesta i skidsp\u00e5ren, och sedan njuter vi av stillsamma timmar i bastun och framf\u00f6r brasan om kv\u00e4llarna, \u00e4ter gott och dricker lite f\u00f6r mycket. Det finns knappt n\u00e5got h\u00e4rligare\u2026 m\u00f6jligen d\u00e5 l\u00e5nga, lata dagar p\u00e5 en varm och solig strand med cocktails, bikini, solkr\u00e4m och gott s\u00e4llskap.<\/p>\n<h2>N\u00e4r man inte har r\u00e5d eller tid med skidsemester<\/h2>\n<p><a href=\"https:\/\/www.freeride.se\/skidorter\/hammarbybacken\/\">Hammarbybacken<\/a> \u00e4r inte s\u00e4rskilt charmig, men fyller sin funktion f\u00f6r de Stockholmsbor som l\u00e4ngtar efter lite skid\u00e5kning men inte har tid eller r\u00e5d att \u00e5ka iv\u00e4g till fj\u00e4llen eller Chamonix. Om man har m\u00f6jlighet att \u00e5ka till Hammarbybacken under dagtid p\u00e5 vardagar s\u00e5 slipper man mycket av tr\u00e4ngseln som blir p\u00e5 helgerna och kv\u00e4llarna och d\u00e5 kan det vara riktigt njutbart. Det \u00e4r dock en backe som kr\u00e4ver lite f\u00f6rsiktighet.<\/p>\n","protected":false},"excerpt":{"rendered":"<p>Jag l\u00e4ngtar s\u00e5 sjukt mycket efter v\u00e4rme, sol och sandaler nu att det n\u00e4stan driver mig till vansinne. V\u00e5ren har typ uteblivit i \u00e5r k\u00e4nns det som och n\u00e4r vi nu redan \u00e4r framme i maj m\u00e5nad s\u00e5 kan v\u00e4l&#8230;<\/p>\n","protected":false},"author":1,"featured_media":23,"comment_status":"open","ping_status":"open","sticky":false,"template":"","format":"standard","meta":{"footnotes":""},"categories":[3],"tags":[],"_links":{"self":[{"href":"http:\/\/www.lamilla.se\/index.php?rest_route=\/wp\/v2\/posts\/22"}],"collection":[{"href":"http:\/\/www.lamilla.se\/index.php?rest_route=\/wp\/v2\/posts"}],"about":[{"href":"http:\/\/www.lamilla.se\/index.php?rest_route=\/wp\/v2\/types\/post"}],"author":[{"embeddable":true,"href":"http:\/\/www.lamilla.se\/index.php?rest_route=\/wp\/v2\/users\/1"}],"replies":[{"embeddable":true,"href":"http:\/\/www.lamilla.se\/index.php?rest_route=%2Fwp%2Fv2%2Fcomments&post=22"}],"version-history":[{"count":1,"href":"http:\/\/www.lamilla.se\/index.php?rest_route=\/wp\/v2\/posts\/22\/revisions"}],"predecessor-version":[{"id":24,"href":"http:\/\/www.lamilla.se\/index.php?rest_route=\/wp\/v2\/posts\/22\/revisions\/24"}],"wp:featuredmedia":[{"embeddable":true,"href":"http:\/\/www.lamilla.se\/index.php?rest_route=\/wp\/v2\/media\/23"}],"wp:attachment":[{"href":"http:\/\/www.lamilla.se\/index.php?rest_route=%2Fwp%2Fv2%2Fmedia&parent=22"}],"wp:term":[{"taxonomy":"category","embeddable":true,"href":"http:\/\/www.lamilla.se\/index.php?rest_route=%2Fwp%2Fv2%2Fcategories&post=22"},{"taxonomy":"post_tag","embeddable":true,"href":"http:\/\/www.lamilla.se\/index.php?rest_route=%2Fwp%2Fv2%2Ftags&post=22"}],"curies":[{"name":"wp","href":"https:\/\/api.w.org\/{rel}","templated":true}]}}