{"id":27,"date":"2017-06-14T09:49:22","date_gmt":"2017-06-14T09:49:22","guid":{"rendered":"http:\/\/www.lamilla.se\/?p=27"},"modified":"2017-06-14T09:49:26","modified_gmt":"2017-06-14T09:49:26","slug":"mitt-hem-ar-min-borg","status":"publish","type":"post","link":"http:\/\/www.lamilla.se\/?p=27","title":{"rendered":"Mitt hem \u00e4r min borg"},"content":{"rendered":"<p>\u00c5h vad jag \u00e4lskar helg! Inga tider att passa, sovmorgon och chans att mysa riktigt ordentligt hemma. Mitt hem \u00e4r min fristad, platsen d\u00e4r jag kan vara mig sj\u00e4lv utan att l\u00e4gga p\u00e5 n\u00e5got filter eller h\u00e5lla uppe n\u00e5gon form av mur gentemot v\u00e4rlden. Jag kan lalla runt som jag vill, prata med mig sj\u00e4lv, sjunga en trudelutt och sitta i soffan och moffa i mig chips framf\u00f6r TV:n en hel dag om jag s\u00e5 har lust. Att vara hemma \u00e4r frihet f\u00f6r mig, jag \u00e4r en riktig hemmar\u00e5tta.<\/p>\n<h2>Tur att jag inte jobbar hemifr\u00e5n<\/h2>\n<p>Ofta t\u00e4nker jag att det \u00e4r tur att jag inte jobbar hemma, f\u00f6r jag hade snabbt blivit helt antisocial. Det \u00e4r inte det att jag inte gillar att umg\u00e5s med folk, f\u00f6r det g\u00f6r jag verkligen, det \u00e4r mer bara det att jag \u00e4lskar att f\u00e5 vara hemma, i den vackra lilla hemmilj\u00f6 som jag har skapat, och bara ha mig sj\u00e4lv som s\u00e4llskap. Det \u00e4r harmoni.<\/p>\n<h2>En typisk l\u00f6rdag<\/h2>\n<p>N\u00e4r jag tr\u00f6ttnat p\u00e5 s\u00e4ngen p\u00e5 l\u00f6rdagsmorgonen njuter jag en stund av en kopp kaffe i k\u00f6ket. Ofta f\u00f6rflyttar jag mig sedan till mitt underbara <a href=\"http:\/\/www.morekontor.se\/skrivbord.htm\">skrivbord<\/a> d\u00e4r jag antingen surfar lite p\u00e5 n\u00e4tet eller skapar n\u00e5got. Sedan intar jag balkongen en stund, om v\u00e4dret till\u00e5ter, innan jag \u00e5ter v\u00e4ljer k\u00f6ket f\u00f6r att f\u00f6rbereda n\u00e5gon form av lunch. D\u00e4refter kanske jag tar en liten siesta p\u00e5 min h\u00e4rliga soffa. N\u00e4r jag vaknar blir det kanske ett bad och sedan lite mer tid vid skrivbordet. Vips s\u00e5 har dagen g\u00e5tt och jag m\u00e5r s\u00e5 bra\u2026<\/p>\n<p>Det \u00e4r minsann lycka att f\u00e5 trivas s\u00e5 bra hemma.<\/p>\n","protected":false},"excerpt":{"rendered":"<p>\u00c5h vad jag \u00e4lskar helg! Inga tider att passa, sovmorgon och chans att mysa riktigt ordentligt hemma. Mitt hem \u00e4r min fristad, platsen d\u00e4r jag kan vara mig sj\u00e4lv utan att l\u00e4gga p\u00e5 n\u00e5got filter eller h\u00e5lla uppe n\u00e5gon form&#8230;<\/p>\n","protected":false},"author":1,"featured_media":28,"comment_status":"open","ping_status":"open","sticky":false,"template":"","format":"standard","meta":{"footnotes":""},"categories":[3],"tags":[],"_links":{"self":[{"href":"http:\/\/www.lamilla.se\/index.php?rest_route=\/wp\/v2\/posts\/27"}],"collection":[{"href":"http:\/\/www.lamilla.se\/index.php?rest_route=\/wp\/v2\/posts"}],"about":[{"href":"http:\/\/www.lamilla.se\/index.php?rest_route=\/wp\/v2\/types\/post"}],"author":[{"embeddable":true,"href":"http:\/\/www.lamilla.se\/index.php?rest_route=\/wp\/v2\/users\/1"}],"replies":[{"embeddable":true,"href":"http:\/\/www.lamilla.se\/index.php?rest_route=%2Fwp%2Fv2%2Fcomments&post=27"}],"version-history":[{"count":2,"href":"http:\/\/www.lamilla.se\/index.php?rest_route=\/wp\/v2\/posts\/27\/revisions"}],"predecessor-version":[{"id":30,"href":"http:\/\/www.lamilla.se\/index.php?rest_route=\/wp\/v2\/posts\/27\/revisions\/30"}],"wp:featuredmedia":[{"embeddable":true,"href":"http:\/\/www.lamilla.se\/index.php?rest_route=\/wp\/v2\/media\/28"}],"wp:attachment":[{"href":"http:\/\/www.lamilla.se\/index.php?rest_route=%2Fwp%2Fv2%2Fmedia&parent=27"}],"wp:term":[{"taxonomy":"category","embeddable":true,"href":"http:\/\/www.lamilla.se\/index.php?rest_route=%2Fwp%2Fv2%2Fcategories&post=27"},{"taxonomy":"post_tag","embeddable":true,"href":"http:\/\/www.lamilla.se\/index.php?rest_route=%2Fwp%2Fv2%2Ftags&post=27"}],"curies":[{"name":"wp","href":"https:\/\/api.w.org\/{rel}","templated":true}]}}