{"id":36,"date":"2017-07-14T11:28:15","date_gmt":"2017-07-14T11:28:15","guid":{"rendered":"http:\/\/www.lamilla.se\/?p=36"},"modified":"2017-07-14T11:28:15","modified_gmt":"2017-07-14T11:28:15","slug":"konst-med-hjalp-av-en-varmekamera","status":"publish","type":"post","link":"http:\/\/www.lamilla.se\/?p=36","title":{"rendered":"Konst med hj\u00e4lp av en v\u00e4rmekamera"},"content":{"rendered":"<p>&nbsp;<\/p>\n<p>Jag har en liten f\u00e4bless f\u00f6r foto och konst och har just kommit p\u00e5 en id\u00e9 som g\u00f6r att jag inte kan t\u00e4nka p\u00e5 n\u00e5got annat. Ni vet s\u00e5dana d\u00e4r <a href=\"http:\/\/www.handladigitalt.se\/kategori\/varmekamera\">v\u00e4rmekameror<\/a> som polisen, milit\u00e4ren och seri\u00f6sa frilufsare har f\u00f6r att kunna fota i m\u00f6rker, r\u00f6k eller t\u00e4t vegetation\u2026 en s\u00e5dan vill jag ha! Jag t\u00e4nker mig att man kan ta riktigt coola bilder med spejsiga motiv i m\u00f6rker och dimma till exempel och sedan g\u00f6ra konst av dem. Man kan g\u00f6ra collage eller anv\u00e4nda fotot som canvasbas och sedan m\u00e5la \u00f6ver.<\/p>\n<h2>Tillr\u00e4ckligt bra f\u00f6r arm\u00e9n<\/h2>\n<p>Jag har kollat lite p\u00e5 n\u00e4tet och hittat en butik som heter <a href=\"http:\/\/www.handladigitalt.se\/\">handladigitalt.se<\/a> och de s\u00e4ljer m\u00e5nga olika varianter av v\u00e4rmekameror f\u00f6r professionellt bruk &#8211; f\u00f6r ska det vara s\u00e5 ska det vara! De s\u00e4ljer b\u00e5de till arm\u00e9n och polisen s\u00e5 det vittnar ju om h\u00f6g kvalitet (f\u00e5r man hoppas). Priset skjuts ju upp lite n\u00e4r man vill ha det b\u00e4sta, men s\u00e5 \u00e4r det med allt &#8211; och jag tycker \u00e4nd\u00e5 inte att priserna \u00e4r s\u00e5 farliga faktiskt.<\/p>\n<h2>En manipulerad hjort kanske?<\/h2>\n<p>Jag ser framf\u00f6r mig att jag med min v\u00e4rmekamera fotograferar en st\u00e5tlig hjort. Hjorten f\u00e5r en varm r\u00f6d-orange f\u00e4rg och bakgrunden kan man manipulera till vilken f\u00e4rg man vill. Runt hjorten m\u00e5lar man sedan det motiv man \u00f6nskar. Tror det kan bli riktigt coolt! Kanske har jag kommit p\u00e5 id\u00e9n som kommer att g\u00f6ra mig k\u00e4nd!<\/p>\n","protected":false},"excerpt":{"rendered":"<p>&nbsp; Jag har en liten f\u00e4bless f\u00f6r foto och konst och har just kommit p\u00e5 en id\u00e9 som g\u00f6r att jag inte kan t\u00e4nka p\u00e5 n\u00e5got annat. Ni vet s\u00e5dana d\u00e4r v\u00e4rmekameror som polisen, milit\u00e4ren och seri\u00f6sa frilufsare har f\u00f6r&#8230;<\/p>\n","protected":false},"author":1,"featured_media":37,"comment_status":"open","ping_status":"open","sticky":false,"template":"","format":"standard","meta":{"footnotes":""},"categories":[3],"tags":[],"_links":{"self":[{"href":"http:\/\/www.lamilla.se\/index.php?rest_route=\/wp\/v2\/posts\/36"}],"collection":[{"href":"http:\/\/www.lamilla.se\/index.php?rest_route=\/wp\/v2\/posts"}],"about":[{"href":"http:\/\/www.lamilla.se\/index.php?rest_route=\/wp\/v2\/types\/post"}],"author":[{"embeddable":true,"href":"http:\/\/www.lamilla.se\/index.php?rest_route=\/wp\/v2\/users\/1"}],"replies":[{"embeddable":true,"href":"http:\/\/www.lamilla.se\/index.php?rest_route=%2Fwp%2Fv2%2Fcomments&post=36"}],"version-history":[{"count":1,"href":"http:\/\/www.lamilla.se\/index.php?rest_route=\/wp\/v2\/posts\/36\/revisions"}],"predecessor-version":[{"id":38,"href":"http:\/\/www.lamilla.se\/index.php?rest_route=\/wp\/v2\/posts\/36\/revisions\/38"}],"wp:featuredmedia":[{"embeddable":true,"href":"http:\/\/www.lamilla.se\/index.php?rest_route=\/wp\/v2\/media\/37"}],"wp:attachment":[{"href":"http:\/\/www.lamilla.se\/index.php?rest_route=%2Fwp%2Fv2%2Fmedia&parent=36"}],"wp:term":[{"taxonomy":"category","embeddable":true,"href":"http:\/\/www.lamilla.se\/index.php?rest_route=%2Fwp%2Fv2%2Fcategories&post=36"},{"taxonomy":"post_tag","embeddable":true,"href":"http:\/\/www.lamilla.se\/index.php?rest_route=%2Fwp%2Fv2%2Ftags&post=36"}],"curies":[{"name":"wp","href":"https:\/\/api.w.org\/{rel}","templated":true}]}}