{"id":9,"date":"2017-05-04T17:37:27","date_gmt":"2017-05-04T17:37:27","guid":{"rendered":"http:\/\/www.lamilla.se\/?p=9"},"modified":"2020-04-08T11:17:50","modified_gmt":"2020-04-08T11:17:50","slug":"rent-och-frascht-varje-mandag","status":"publish","type":"post","link":"http:\/\/www.lamilla.se\/?p=9","title":{"rendered":"Rent och fr\u00e4scht varje m\u00e5ndag"},"content":{"rendered":"<p>Mina dagar spenderas p\u00e5 ett kontor, precis som v\u00e4ldigt m\u00e5nga andras, och eftersom det \u00e4r s\u00e5 viktigt f\u00f6r mig att ha det fint d\u00e4r jag \u00e4r s\u00e5 har jag lagt en del krut p\u00e5 att g\u00f6ra mitt kontor riktigt personligt och hemtrevligt. Jag har k\u00f6pt en matta, egna gardiner, pl\u00e4dar och en f\u00e5rskinnsf\u00e4ll och dessutom har jag f\u00e5tt v\u00e4lja kontorsm\u00f6blerna sj\u00e4lv s\u00e5 hela kontoret ser ut som ett rum taget ur mitt eget hem. Detta bidrar enormt mycket till trivsel p\u00e5 jobbet f\u00f6r mig och \u00e4ven om jag inser att inte alla delar min kanske n\u00e4stan oh\u00e4lsosamma passion f\u00f6r inredning s\u00e5 \u00e4r jag lyckligt lottad som har en chef som f\u00f6rst\u00e5r mina behov &#8211; och ser till dem.<\/p>\n<h2>En arbetsplats man trivs p\u00e5<\/h2>\n<p>Vi har f\u00f6rst\u00e5s ett <a href=\"http:\/\/www.xn--stdfretagstockholm-mtb67a.se\/\">st\u00e4df\u00f6retag i Stockholm<\/a> som kommer och sk\u00f6ter kontorsst\u00e4dning h\u00e4r och det \u00e4r en lyx jag inte har unnat mig f\u00f6r hemmet. Varje m\u00e5ndag kommer jag till mitt \u201dhem\u201d p\u00e5 arbetet och m\u00f6ts av helt nyst\u00e4dade ytor. Det luktar fr\u00e4scht och f\u00f6nsterrutorna \u00e4r spegelblanka. Ibland har jag \u00f6verv\u00e4gt om det inte vore v\u00e4rt att skaffa st\u00e4dhj\u00e4lp f\u00f6r hemst\u00e4dning ocks\u00e5, men det f\u00e5r bero. Den dag jag har en stor familj som st\u00f6kar runt kommer jag helt klart att prioritera st\u00e4dhj\u00e4lp. Vad g\u00e4ller hemst\u00e4dning har jag som sagt ingen erfarenhet, men jag kan absolut rekommendera St\u00e4denergi f\u00f6r <a href=\"https:\/\/stadenergi.se\/foretagstjanst\/kontorstadning-stockholm\/\">kontorsst\u00e4dning i Stockholm<\/a>!<\/p>\n<p>Att f\u00e5 s\u00e5 fria tyglar p\u00e5 jobbet, och bli bortsk\u00e4md med st\u00e4dhj\u00e4lp, bullfrukostar och fri tillg\u00e5ng till en exklusiv espressomaskin \u00e4r sm\u00e5 grejer som g\u00f6r att man \u00e4lskar att g\u00e5 till jobbet. N\u00f6jd personal \u00e4r f\u00f6rst\u00e5s ocks\u00e5 h\u00f6gpresterande personal, s\u00e5 det \u00e4r en win-win f\u00f6r alla!<\/p>\n","protected":false},"excerpt":{"rendered":"<p>Mina dagar spenderas p\u00e5 ett kontor, precis som v\u00e4ldigt m\u00e5nga andras, och eftersom det \u00e4r s\u00e5 viktigt f\u00f6r mig att ha det fint d\u00e4r jag \u00e4r s\u00e5 har jag lagt en del krut p\u00e5 att g\u00f6ra mitt kontor riktigt personligt&#8230;<\/p>\n","protected":false},"author":1,"featured_media":10,"comment_status":"open","ping_status":"open","sticky":false,"template":"","format":"standard","meta":{"footnotes":""},"categories":[3],"tags":[],"_links":{"self":[{"href":"http:\/\/www.lamilla.se\/index.php?rest_route=\/wp\/v2\/posts\/9"}],"collection":[{"href":"http:\/\/www.lamilla.se\/index.php?rest_route=\/wp\/v2\/posts"}],"about":[{"href":"http:\/\/www.lamilla.se\/index.php?rest_route=\/wp\/v2\/types\/post"}],"author":[{"embeddable":true,"href":"http:\/\/www.lamilla.se\/index.php?rest_route=\/wp\/v2\/users\/1"}],"replies":[{"embeddable":true,"href":"http:\/\/www.lamilla.se\/index.php?rest_route=%2Fwp%2Fv2%2Fcomments&post=9"}],"version-history":[{"count":2,"href":"http:\/\/www.lamilla.se\/index.php?rest_route=\/wp\/v2\/posts\/9\/revisions"}],"predecessor-version":[{"id":58,"href":"http:\/\/www.lamilla.se\/index.php?rest_route=\/wp\/v2\/posts\/9\/revisions\/58"}],"wp:featuredmedia":[{"embeddable":true,"href":"http:\/\/www.lamilla.se\/index.php?rest_route=\/wp\/v2\/media\/10"}],"wp:attachment":[{"href":"http:\/\/www.lamilla.se\/index.php?rest_route=%2Fwp%2Fv2%2Fmedia&parent=9"}],"wp:term":[{"taxonomy":"category","embeddable":true,"href":"http:\/\/www.lamilla.se\/index.php?rest_route=%2Fwp%2Fv2%2Fcategories&post=9"},{"taxonomy":"post_tag","embeddable":true,"href":"http:\/\/www.lamilla.se\/index.php?rest_route=%2Fwp%2Fv2%2Ftags&post=9"}],"curies":[{"name":"wp","href":"https:\/\/api.w.org\/{rel}","templated":true}]}}